{"id":821,"date":"2022-06-13T14:23:40","date_gmt":"2022-06-13T14:23:40","guid":{"rendered":"https:\/\/autismoge.org\/?p=821"},"modified":"2022-06-13T14:23:42","modified_gmt":"2022-06-13T14:23:42","slug":"autismo-ge-el-dia-22-de-agosto-del-2020","status":"publish","type":"post","link":"https:\/\/autismoge.org\/index.php\/2022\/06\/13\/autismo-ge-el-dia-22-de-agosto-del-2020\/","title":{"rendered":"AUTISMO GE, el d\u00eda 22 de Agosto del 2020,"},"content":{"rendered":"\n<p>realiza el seminario pedag\u00f3gico a cargo de La Prof. Magister en Cs. De la Conducta Oliseth Freites\u00a0 y dirigido a Directores , Tutores y profesionales Docentes,\u00a0 el cual, llev\u00f3 por nombre \u00cbL ROL DEL DOCENTE EN LA INCLUSI\u00d3N DEL AUTISMO\u00a8,\u00a0 realizado en el Hotel\u00a0 Colinas en la Ciudad de Malabo, contando con una asistencia masiva por parte de profesionales interesados en conocer mucho m\u00e1s sobre autismo..<\/p>\n\n\n\n<figure class=\"wp-block-gallery has-nested-images columns-default is-cropped wp-block-gallery-1 is-layout-flex wp-block-gallery-is-layout-flex\">\n<figure class=\"wp-block-image size-thumbnail\"><img decoding=\"async\" width=\"150\" height=\"150\" data-id=\"822\" src=\"https:\/\/autismoge.org\/wp-content\/uploads\/2022\/06\/1-2-150x150.jpg\" alt=\"\" class=\"wp-image-822\" srcset=\"https:\/\/autismoge.org\/wp-content\/uploads\/2022\/06\/1-2-150x150.jpg 150w, https:\/\/autismoge.org\/wp-content\/uploads\/2022\/06\/1-2.jpg 294w\" sizes=\"(max-width: 150px) 100vw, 150px\" \/><\/figure>\n\n\n\n<figure class=\"wp-block-image size-thumbnail\"><img decoding=\"async\" width=\"150\" height=\"150\" data-id=\"824\" src=\"https:\/\/autismoge.org\/wp-content\/uploads\/2022\/06\/2-2-150x150.jpg\" alt=\"\" class=\"wp-image-824\" srcset=\"https:\/\/autismoge.org\/wp-content\/uploads\/2022\/06\/2-2-150x150.jpg 150w, https:\/\/autismoge.org\/wp-content\/uploads\/2022\/06\/2-2-300x300.jpg 300w, https:\/\/autismoge.org\/wp-content\/uploads\/2022\/06\/2-2-768x768.jpg 768w\" sizes=\"(max-width: 150px) 100vw, 150px\" \/><\/figure>\n\n\n\n<figure class=\"wp-block-image size-thumbnail\"><img decoding=\"async\" width=\"150\" height=\"150\" data-id=\"823\" src=\"https:\/\/autismoge.org\/wp-content\/uploads\/2022\/06\/3-2-150x150.jpg\" alt=\"\" class=\"wp-image-823\" srcset=\"https:\/\/autismoge.org\/wp-content\/uploads\/2022\/06\/3-2-150x150.jpg 150w, https:\/\/autismoge.org\/wp-content\/uploads\/2022\/06\/3-2-300x300.jpg 300w, https:\/\/autismoge.org\/wp-content\/uploads\/2022\/06\/3-2-768x768.jpg 768w\" sizes=\"(max-width: 150px) 100vw, 150px\" \/><\/figure>\n<\/figure>\n","protected":false},"excerpt":{"rendered":"<p>realiza el seminario pedag\u00f3gico a cargo de La Prof. Magister en Cs. De la Conducta Oliseth Freites\u00a0 y dirigido a Directores , Tutores y profesionales Docentes,\u00a0 el cual, llev\u00f3 por nombre \u00cbL ROL DEL DOCENTE EN LA INCLUSI\u00d3N DEL AUTISMO\u00a8,\u00a0 realizado en el Hotel\u00a0 Colinas en la Ciudad de Malabo, contando con una asistencia masiva [&hellip;]<\/p>\n","protected":false},"author":1,"featured_media":824,"comment_status":"closed","ping_status":"open","sticky":false,"template":"","format":"standard","meta":{"footnotes":""},"categories":[18],"tags":[],"class_list":["post-821","post","type-post","status-publish","format-standard","has-post-thumbnail","hentry","category-eventos-realizados"],"_links":{"self":[{"href":"https:\/\/autismoge.org\/index.php\/wp-json\/wp\/v2\/posts\/821","targetHints":{"allow":["GET"]}}],"collection":[{"href":"https:\/\/autismoge.org\/index.php\/wp-json\/wp\/v2\/posts"}],"about":[{"href":"https:\/\/autismoge.org\/index.php\/wp-json\/wp\/v2\/types\/post"}],"author":[{"embeddable":true,"href":"https:\/\/autismoge.org\/index.php\/wp-json\/wp\/v2\/users\/1"}],"replies":[{"embeddable":true,"href":"https:\/\/autismoge.org\/index.php\/wp-json\/wp\/v2\/comments?post=821"}],"version-history":[{"count":1,"href":"https:\/\/autismoge.org\/index.php\/wp-json\/wp\/v2\/posts\/821\/revisions"}],"predecessor-version":[{"id":825,"href":"https:\/\/autismoge.org\/index.php\/wp-json\/wp\/v2\/posts\/821\/revisions\/825"}],"wp:featuredmedia":[{"embeddable":true,"href":"https:\/\/autismoge.org\/index.php\/wp-json\/wp\/v2\/media\/824"}],"wp:attachment":[{"href":"https:\/\/autismoge.org\/index.php\/wp-json\/wp\/v2\/media?parent=821"}],"wp:term":[{"taxonomy":"category","embeddable":true,"href":"https:\/\/autismoge.org\/index.php\/wp-json\/wp\/v2\/categories?post=821"},{"taxonomy":"post_tag","embeddable":true,"href":"https:\/\/autismoge.org\/index.php\/wp-json\/wp\/v2\/tags?post=821"}],"curies":[{"name":"wp","href":"https:\/\/api.w.org\/{rel}","templated":true}]}}