{"id":817,"date":"2022-06-13T14:14:07","date_gmt":"2022-06-13T14:14:07","guid":{"rendered":"https:\/\/autismoge.org\/?p=817"},"modified":"2022-06-13T14:15:07","modified_gmt":"2022-06-13T14:15:07","slug":"autismo-ge-el-dia-sabado-07-de-agosto","status":"publish","type":"post","link":"https:\/\/autismoge.org\/index.php\/2022\/06\/13\/autismo-ge-el-dia-sabado-07-de-agosto\/","title":{"rendered":"AUTISMO GE, el d\u00eda s\u00e1bado 07 de agosto"},"content":{"rendered":"\n<p>inicia su gesti\u00f3n con una reuni\u00f3n formal en el Centro educativo San Pablo, con padres y familias para la discusi\u00f3n de los estatutos que regir\u00e1n la organizaci\u00f3n. \u00a0Reuni\u00f3n dirigida por la Presidenta la Sra. Inmaculada Bela.<\/p>\n\n\n\n<figure class=\"wp-block-gallery has-nested-images columns-default is-cropped wp-block-gallery-1 is-layout-flex wp-block-gallery-is-layout-flex\">\n<figure class=\"wp-block-image size-large is-style-default\"><img fetchpriority=\"high\" decoding=\"async\" width=\"289\" height=\"245\" data-id=\"818\" src=\"https:\/\/autismoge.org\/wp-content\/uploads\/2022\/06\/no.jpg\" alt=\"\" class=\"wp-image-818\"\/><\/figure>\n\n\n\n<figure class=\"wp-block-image size-large\"><img decoding=\"async\" width=\"729\" height=\"666\" data-id=\"819\" src=\"https:\/\/autismoge.org\/wp-content\/uploads\/2022\/06\/no1.jpg\" alt=\"\" class=\"wp-image-819\"\/><\/figure>\n<\/figure>\n","protected":false},"excerpt":{"rendered":"<p>inicia su gesti\u00f3n con una reuni\u00f3n formal en el Centro educativo San Pablo, con padres y familias para la discusi\u00f3n de los estatutos que regir\u00e1n la organizaci\u00f3n. \u00a0Reuni\u00f3n dirigida por la Presidenta la Sra. Inmaculada Bela.<\/p>\n","protected":false},"author":1,"featured_media":818,"comment_status":"closed","ping_status":"open","sticky":false,"template":"","format":"standard","meta":{"footnotes":""},"categories":[18],"tags":[],"class_list":["post-817","post","type-post","status-publish","format-standard","has-post-thumbnail","hentry","category-eventos-realizados"],"_links":{"self":[{"href":"https:\/\/autismoge.org\/index.php\/wp-json\/wp\/v2\/posts\/817","targetHints":{"allow":["GET"]}}],"collection":[{"href":"https:\/\/autismoge.org\/index.php\/wp-json\/wp\/v2\/posts"}],"about":[{"href":"https:\/\/autismoge.org\/index.php\/wp-json\/wp\/v2\/types\/post"}],"author":[{"embeddable":true,"href":"https:\/\/autismoge.org\/index.php\/wp-json\/wp\/v2\/users\/1"}],"replies":[{"embeddable":true,"href":"https:\/\/autismoge.org\/index.php\/wp-json\/wp\/v2\/comments?post=817"}],"version-history":[{"count":1,"href":"https:\/\/autismoge.org\/index.php\/wp-json\/wp\/v2\/posts\/817\/revisions"}],"predecessor-version":[{"id":820,"href":"https:\/\/autismoge.org\/index.php\/wp-json\/wp\/v2\/posts\/817\/revisions\/820"}],"wp:featuredmedia":[{"embeddable":true,"href":"https:\/\/autismoge.org\/index.php\/wp-json\/wp\/v2\/media\/818"}],"wp:attachment":[{"href":"https:\/\/autismoge.org\/index.php\/wp-json\/wp\/v2\/media?parent=817"}],"wp:term":[{"taxonomy":"category","embeddable":true,"href":"https:\/\/autismoge.org\/index.php\/wp-json\/wp\/v2\/categories?post=817"},{"taxonomy":"post_tag","embeddable":true,"href":"https:\/\/autismoge.org\/index.php\/wp-json\/wp\/v2\/tags?post=817"}],"curies":[{"name":"wp","href":"https:\/\/api.w.org\/{rel}","templated":true}]}}